{"id":572,"date":"2014-07-28T04:58:53","date_gmt":"2014-07-28T04:58:53","guid":{"rendered":"http:\/\/carmenelizabeth.com\/GestiondeProyectos\/?p=572"},"modified":"2014-07-28T04:58:53","modified_gmt":"2014-07-28T04:58:53","slug":"felices-fiestas-patrias-peru-2014","status":"publish","type":"post","link":"http:\/\/carmenelizabeth.com\/GestiondeProyectos\/2014\/07\/felices-fiestas-patrias-peru-2014\/","title":{"rendered":"Felices Fiestas Patrias  PER\u00da 2014"},"content":{"rendered":"<p>&nbsp;<\/p>\n<p><a href=\"http:\/\/carmenelizabeth.com\/GestiondeProyectos\/wp-content\/uploads\/2014\/07\/28julio2014.jpg\"><img loading=\"lazy\" decoding=\"async\" class=\"alignnone size-full wp-image-573\" alt=\"28julio2014\" src=\"http:\/\/carmenelizabeth.com\/GestiondeProyectos\/wp-content\/uploads\/2014\/07\/28julio2014.jpg\" width=\"800\" height=\"475\" srcset=\"http:\/\/carmenelizabeth.com\/GestiondeProyectos\/wp-content\/uploads\/2014\/07\/28julio2014.jpg 800w, http:\/\/carmenelizabeth.com\/GestiondeProyectos\/wp-content\/uploads\/2014\/07\/28julio2014-300x178.jpg 300w\" sizes=\"auto, (max-width: 800px) 100vw, 800px\" \/><\/a><\/p>\n<p>El mes de Julio es un mes que espero con muchas ansias los otros 11 meses del a\u00f1o y es que varios eventos importantes pasan: el cumplea\u00f1os de mi abuela, que aunque no se pudo celebrar porque ella viajo a su tierra en Ancash, igual siempre lo recuerdo,\u00a0 las Fiestas Patrias de mi hermoso Per\u00fa, si estoy en planilla viene la gratificaci\u00f3n y si no, me queda de consuelo que es la fecha de mi cumplea\u00f1os, y los familiares m\u00e1s cercanos siempre se acuerdan.<\/p>\n<p>De mis felices recuerdos de ni\u00f1a y adolescente debo dar gracias a mis padres, ya que aunque no tuvieran grandes riquezas monetarias, ahorraban todo el a\u00f1o, y ten\u00edan la costumbre de preguntarme que quer\u00eda, sin embargo, era consciente de que mis padres trabajaban bastante y sus posibilidades eran limitadas, y no era hija \u00fanica, as\u00ed que usualmente no ped\u00eda nada, entonces mis padres decid\u00edan por m\u00ed.<\/p>\n<p>Como recordaran los de base 3, en las d\u00e9cadas pasadas ten\u00edamos circos, la Feria del Hogar que ahora ha vuelto, y que en anta\u00f1o me parec\u00eda una maravilla(por que ahora todav\u00eda la veo muy peque\u00f1a y sin la emoci\u00f3n de anta\u00f1o adem\u00e1s que est\u00e1 ubicado en lugar demasiado lejos, demasiado al sur, para los otros conos), y con mi hermano jug\u00e1bamos a juntar bolsas, folletos y lapiceros de todos los stands donde ofrec\u00edan publicidad, debe ser por ello, el bichito del dise\u00f1o, la publicidad y el marketing, cuando lleg\u00e1bamos a casa, los revis\u00e1bamos y nos enter\u00e1bamos de lo nuevo, como se usaba, para que serv\u00eda, y en mi caso guardaba el folleto con el dise\u00f1o m\u00e1s lindo o diferente, y como no olvidarme de los artefactos de \u00faltima generaci\u00f3n, las cosas m\u00e1s novedosas estaban all\u00ed ( de all\u00ed el bichito de Ingeniera).<\/p>\n<p>Otra de las cosas que me gustaban de Fiestas Patrias, es que mis padres tienen la costumbre de celebrar el 28 de julio en una fiesta patronal, donde hay mayordomo, y por supuesto, danzas, bandas, comidas y bebidas tradicionales de Ancash, un rico chicharr\u00f3n con su camote o mote, un rico picante de cuy, un matahambre, tamalitos, chicha de jora, etc. Las Pallas, los Chirocos, el cl\u00e1sico castillo de luces al terminar la fiesta. Y por supuesto antes de que comience, \u00a0la cl\u00e1sica misa para recordar y bendecir el cumplea\u00f1os del santo y la asistencia de los devotos.<\/p>\n<p>Llegaba el 29 de Julio, la fecha de mi cumplea\u00f1os, lo que no me gustaba era la parada militar, no hab\u00eda otra cosa que ver en la televisi\u00f3n, no ten\u00edamos en esos a\u00f1os ni cable ni internet, as\u00ed que no me quedaba de otra. Entiendo que a mucha gente le guste ver al ejercito desfilar con sus uniformes y armas, pero a muchos otros, como a m\u00ed , nos gustar\u00eda ver a cada departamento o regi\u00f3n de nuestro pa\u00eds siendo representado con su m\u00fasica, trajes t\u00edpicos, danza t\u00edpicas y tal vez una representaci\u00f3n de los personajes m\u00e1s notorios, ser\u00eda m\u00e1s emocionante.<\/p>\n<p>Mi cumplea\u00f1os era la oportunidad perfecta para reunir a la familia, ver a los abuelos, a las t\u00edas, los t\u00edos, primos, primas, amigos, amigas, es decir reunir a la mayor parte de la familia es algo que recuerdo con mucho cari\u00f1o, fotos inolvidables, y aunque por el momento no se pueda volver a dar, tal vez m\u00e1s adelante s\u00ed.<\/p>\n<p>Aunque como nota anecd\u00f3tica, no todos los a\u00f1os hac\u00edamos las reuniones en mi cumplea\u00f1os, hubo un a\u00f1o en que viajamos a Ancash a conocer el lugar donde naci\u00f3 mi Padre y mis abuelos, mis t\u00edos y dem\u00e1s familiares. En que mis padres por andar de baile en baile, ya que en ese lugar se celebran dos semanas continuas de fiestas, donde hay comida, bebidas, bandas musicales, fuegos artificiales, y todo gratis, \u00a0con todo el ajetreo se olvidaron de mi cumplea\u00f1os, al finalizar el d\u00eda reci\u00e9n se dieron cuenta, bueno son cosas que pasan a veces, aunque mi hermano fue el primero que se acord\u00f3, ese d\u00eda y les tuvo que decir a mis padres, igual me lo compensaron los dem\u00e1s a\u00f1os, no me puedo quejar. \ud83d\ude42<\/p>\n<p>Ha habido a\u00f1os en los que estuve a dieta obligada porque me enferme, o en los que mi madre no pudo estar, en fin de todo un poco, un a\u00f1o en que mi almuerzo de cumplea\u00f1os fueron unos tallarines en salsa de tomate que prepare, y bueno ya casada los eventos no son iguales sin embargo debo dar gracias a que mi media naranja hace los posible para completar la naranja y \u00a0que sea una fecha especial dentro de nuestras posibilidades, en fin, de todo un poco.<\/p>\n<p>S\u00e9 que cada uno lo pasa de manera distinta, y estoy segura que algunos la pasaron mejor que yo, y a los que no, ojala si hubieran tenido mejores momentos, pero el mundo es as\u00ed y cada uno nos toca una vida diferente, con sus altos y bajos, para los que est\u00e9n en los bajos, \u00e1nimos que no hay mal que dure cien a\u00f1os, y como nos dijo un profesor hace un tiempo, si te quieres sacar la loter\u00eda primero c\u00f3mprala, y a dios rogando y con el mazo dando, es decir, siempre manteng\u00e1monos en movimiento intentando y haciendo, en alg\u00fan momento acertaremos, el mundo gira, as\u00ed nosotros no nos movamos o nos quedemos dormidos, as\u00ed que, despertemos y tratemos \u00a0de avanzar como si tom\u00e1ramos energizantes.<\/p>\n<p>Que estas Fiestas Patrias, sirva para reunir a las familias, mostrarles nuestra cultura y hacer que la quieran, lograr la ansiada identidad nacional, por supuesto relajarse, y divertirse sanamente.<\/p>\n<h1><span style=\"color: #ff6600;\">\u00a1Gracias Familia!<\/span><\/h1>\n<h1><span style=\"color: #ff0000;\">\u00a1Que viva la Patria, Que viva el Per\u00fa! <\/span><\/h1>\n<p>Que tengan una excelente semana,<\/p>\n<p><strong>Ing. Carmen Elizabeth V\u00e1squez Dextre<\/strong><br \/>\nAutora del BLOG APRENDIZAJE TI<br \/>\n<a href=\"http:\/\/www.carmenelizabeth.com\" target=\"_blank\">http:\/\/www.carmenelizabeth.com<\/a><\/p>\n<p>&nbsp;<\/p>\n<p>&nbsp;<\/p>\n<!-- AddThis Advanced Settings generic via filter on the_content --><!-- AddThis Share Buttons generic via filter on the_content -->","protected":false},"excerpt":{"rendered":"<p>&nbsp; El mes de Julio es un mes que espero con muchas ansias los otros 11 meses del a\u00f1o y es que varios eventos importantes pasan: el cumplea\u00f1os de mi abuela, que aunque no se pudo celebrar porque ella viajo a su tierra en Ancash, igual siempre lo recuerdo,\u00a0 las Fiestas Patrias de mi hermoso [&hellip;]<!-- AddThis Advanced Settings generic via filter on get_the_excerpt --><!-- AddThis Share Buttons generic via filter on get_the_excerpt --><\/p>\n","protected":false},"author":2,"featured_media":0,"comment_status":"open","ping_status":"open","sticky":false,"template":"","format":"standard","meta":{"footnotes":""},"categories":[484,385],"tags":[639,640,641,642,442,107],"class_list":["post-572","post","type-post","status-publish","format-standard","hentry","category-educacion-2","category-liderazgo-2","tag-ancash","tag-danzas","tag-desfile-militar","tag-feria-del-hogar","tag-fiestas-patrias","tag-peru"],"_links":{"self":[{"href":"http:\/\/carmenelizabeth.com\/GestiondeProyectos\/wp-json\/wp\/v2\/posts\/572","targetHints":{"allow":["GET"]}}],"collection":[{"href":"http:\/\/carmenelizabeth.com\/GestiondeProyectos\/wp-json\/wp\/v2\/posts"}],"about":[{"href":"http:\/\/carmenelizabeth.com\/GestiondeProyectos\/wp-json\/wp\/v2\/types\/post"}],"author":[{"embeddable":true,"href":"http:\/\/carmenelizabeth.com\/GestiondeProyectos\/wp-json\/wp\/v2\/users\/2"}],"replies":[{"embeddable":true,"href":"http:\/\/carmenelizabeth.com\/GestiondeProyectos\/wp-json\/wp\/v2\/comments?post=572"}],"version-history":[{"count":2,"href":"http:\/\/carmenelizabeth.com\/GestiondeProyectos\/wp-json\/wp\/v2\/posts\/572\/revisions"}],"predecessor-version":[{"id":575,"href":"http:\/\/carmenelizabeth.com\/GestiondeProyectos\/wp-json\/wp\/v2\/posts\/572\/revisions\/575"}],"wp:attachment":[{"href":"http:\/\/carmenelizabeth.com\/GestiondeProyectos\/wp-json\/wp\/v2\/media?parent=572"}],"wp:term":[{"taxonomy":"category","embeddable":true,"href":"http:\/\/carmenelizabeth.com\/GestiondeProyectos\/wp-json\/wp\/v2\/categories?post=572"},{"taxonomy":"post_tag","embeddable":true,"href":"http:\/\/carmenelizabeth.com\/GestiondeProyectos\/wp-json\/wp\/v2\/tags?post=572"}],"curies":[{"name":"wp","href":"https:\/\/api.w.org\/{rel}","templated":true}]}}