{"id":328,"date":"2013-07-23T02:58:10","date_gmt":"2013-07-23T02:58:10","guid":{"rendered":"http:\/\/carmenelizabeth.com\/GestiondeProyectos\/?p=328"},"modified":"2013-07-23T03:00:45","modified_gmt":"2013-07-23T03:00:45","slug":"el-secreto-del-exito-del-proyecto-de-tu-vida","status":"publish","type":"post","link":"http:\/\/carmenelizabeth.com\/GestiondeProyectos\/2013\/07\/el-secreto-del-exito-del-proyecto-de-tu-vida\/","title":{"rendered":"El Secreto del \u00e9xito del Proyecto de tu Vida"},"content":{"rendered":"<p>Qu\u00e9 es el \u00e9xito para algunos \u00bfTener much\u00edsimo dinero?\u00bfPoder andar libremente por las calles y comprar lo que se te antoje?\u00bfTener fama y estar rodeado de gente que admiras?\u00bfHacer algo por los dem\u00e1s y sentirte bien espiritualmente?\u00bfCuidar tu figura y que todos te digan lo bien que te ves?\u00bfAscender en la carrera hasta la posici\u00f3n m\u00e1s alta?\u00bfProcrear y darle lo mejor que puedas a tu descendencia?<\/p>\n<p>En fin, son muchas las variables de lo que para algunos significa el \u00e9xito, \u00bfQu\u00e9 significa el \u00e9xito para ti?, te sientes completamente realizado o en alg\u00fan aspecto sientes que has fallado.<\/p>\n<p style=\"text-align: left;\">En mi experiencia desde hace unos a\u00f1itos tratando de emprender, hubieron altos en los que cre\u00ed que por fin despegar\u00eda y bajos en donde he tenido que prestarme dinero de uno y otro lado, para no ahogarme en el mar de los sue\u00f1os no alcanzados. Y es que los que nos atrevemos a trabajar por nuestra cuenta y que a\u00fan creemos que despegaremos en alg\u00fan momento y que formaremos nuestra empresa, con muchos trabajadores y muchas ganancias, en el camino real, no es tan f\u00e1cil de lograr. Hay que trabajar bastante si queremos obtener algo y si nos equivocamos, perdimos! Nos sirve de experiencia y de nuevo a levantarnos que en el Per\u00fa, el d\u00eda amanece todos los d\u00edas.<\/p>\n<p>&nbsp;<\/p>\n<p><img loading=\"lazy\" decoding=\"async\" class=\"size-medium wp-image-330 aligncenter\" alt=\"franciscovillalobos\" src=\"http:\/\/carmenelizabeth.com\/GestiondeProyectos\/wp-content\/uploads\/2013\/07\/franciscovillalobos-300x210.jpg\" width=\"300\" height=\"210\" srcset=\"http:\/\/carmenelizabeth.com\/GestiondeProyectos\/wp-content\/uploads\/2013\/07\/franciscovillalobos-300x210.jpg 300w, http:\/\/carmenelizabeth.com\/GestiondeProyectos\/wp-content\/uploads\/2013\/07\/franciscovillalobos.jpg 320w\" sizes=\"auto, (max-width: 300px) 100vw, 300px\" \/><\/p>\n<p>&nbsp;<\/p>\n<p>De eso, y de algunos casos de personas que persistieron\u00a0en su terquedad de seguir haciendo, nos habla el libro El Proyecto de Francisco Villalobos, nos da casos de personas que a pesar de las piedras en el camino, lograron encontrar la forma de mover la piedra y continuar con su visi\u00f3n.<\/p>\n<p>Un dato que menciona el libro es que seg\u00fan el Ministerio de la Producci\u00f3n del Per\u00fa \u2013uno de los pa\u00edses m\u00e1s emprendedores del mundo- cerca del 80% de las empresas fracasa antes de los dos a\u00f1os. Una cifra que puede desalentar a muchos, sin embargo cu\u00e1ntos locos so\u00f1adores habemos en el Per\u00fa, que ya sea trabajando de manera independiente, con una microempresa o una pyme poquito a poquito salen adelante. No se ustedes, pero yo quiero formar parte del 20% que logro salir adelante, progresar, dar trabajo a otras personas y hacer patria.<\/p>\n<p>&nbsp;<\/p>\n<p style=\"text-align: right;\">Atentamente, la autora del Blog APRENDIZAJE TI.<\/p>\n<p style=\"text-align: right;\">Carmen Elizabeth V\u00e1squez Dextre<br \/> http:\/\/www.carmenelizabeth.com<\/p>\n<!-- AddThis Advanced Settings generic via filter on the_content --><!-- AddThis Share Buttons generic via filter on the_content -->","protected":false},"excerpt":{"rendered":"<p>Qu\u00e9 es el \u00e9xito para algunos \u00bfTener much\u00edsimo dinero?\u00bfPoder andar libremente por las calles y comprar lo que se te antoje?\u00bfTener fama y estar rodeado de gente que admiras?\u00bfHacer algo por los dem\u00e1s y sentirte bien espiritualmente?\u00bfCuidar tu figura y que todos te digan lo bien que te ves?\u00bfAscender en la carrera hasta la posici\u00f3n [&hellip;]<!-- AddThis Advanced Settings generic via filter on get_the_excerpt --><!-- AddThis Share Buttons generic via filter on get_the_excerpt --><\/p>\n","protected":false},"author":2,"featured_media":0,"comment_status":"open","ping_status":"open","sticky":false,"template":"","format":"standard","meta":{"footnotes":""},"categories":[3,385],"tags":[261,240,442,444,443],"class_list":["post-328","post","type-post","status-publish","format-standard","hentry","category-gestion","category-liderazgo-2","tag-emprendimiento","tag-empresa","tag-fiestas-patrias","tag-ministerio-de-la-produccion","tag-proyecto"],"_links":{"self":[{"href":"http:\/\/carmenelizabeth.com\/GestiondeProyectos\/wp-json\/wp\/v2\/posts\/328","targetHints":{"allow":["GET"]}}],"collection":[{"href":"http:\/\/carmenelizabeth.com\/GestiondeProyectos\/wp-json\/wp\/v2\/posts"}],"about":[{"href":"http:\/\/carmenelizabeth.com\/GestiondeProyectos\/wp-json\/wp\/v2\/types\/post"}],"author":[{"embeddable":true,"href":"http:\/\/carmenelizabeth.com\/GestiondeProyectos\/wp-json\/wp\/v2\/users\/2"}],"replies":[{"embeddable":true,"href":"http:\/\/carmenelizabeth.com\/GestiondeProyectos\/wp-json\/wp\/v2\/comments?post=328"}],"version-history":[{"count":4,"href":"http:\/\/carmenelizabeth.com\/GestiondeProyectos\/wp-json\/wp\/v2\/posts\/328\/revisions"}],"predecessor-version":[{"id":334,"href":"http:\/\/carmenelizabeth.com\/GestiondeProyectos\/wp-json\/wp\/v2\/posts\/328\/revisions\/334"}],"wp:attachment":[{"href":"http:\/\/carmenelizabeth.com\/GestiondeProyectos\/wp-json\/wp\/v2\/media?parent=328"}],"wp:term":[{"taxonomy":"category","embeddable":true,"href":"http:\/\/carmenelizabeth.com\/GestiondeProyectos\/wp-json\/wp\/v2\/categories?post=328"},{"taxonomy":"post_tag","embeddable":true,"href":"http:\/\/carmenelizabeth.com\/GestiondeProyectos\/wp-json\/wp\/v2\/tags?post=328"}],"curies":[{"name":"wp","href":"https:\/\/api.w.org\/{rel}","templated":true}]}}